{"id":13824,"date":"2024-07-08T14:47:05","date_gmt":"2024-07-08T12:47:05","guid":{"rendered":"https:\/\/mendinet.eus\/?p=13824"},"modified":"2025-06-22T11:03:28","modified_gmt":"2025-06-22T09:03:28","slug":"mendinetek-belaunaldi-erreleboari-buruzko-goi-mailako-foroan","status":"publish","type":"post","link":"https:\/\/mendinet.eus\/eu\/mendinetek-belaunaldi-erreleboari-buruzko-goi-mailako-foroan\/","title":{"rendered":"Mendinet Belaunaldi Erreleboari buruzko Goi Mailako Foroan"},"content":{"rendered":"<p>MENDINET <a href=\"https:\/\/www.mapa.gob.es\/es\/prensa\/programa_foro_alto_nivel_relevo_generacional_pamplona__tcm30-687689.pdf\" target=\"_blank\" rel=\"noopener\">Belaunaldi Erreleboari buruzko Goi Mailako Foroan<\/a> izan da, uztailaren 3an, Nafarroako Kongresu Jauregian &#8211; Baluarten.<\/p>\n<p>Gazteek kudeatzen dituzten nekazaritza eta abeltzaintzako bi ustiategiren bisitarekin eman zitzaion hasiera Foroari. Ondoren, lau eztabaida-mahai antolatu ziren lanaldiari ekiteko. Mahai horietan, garrantzi handiko gaiak jorratu ziren, hala nola <strong>lurra eskuratzea<\/strong>, gazteei <strong>finantzaketa eta kreditua<\/strong> errazteko tresnak, <strong>CULTIVA programa<\/strong> ezagutza praktikoaren transferentziarako tresna gisa eta nekazaritzako elikagaien sektorean belaunaldien arteko erreleboa errazteko <strong>jardunbide egokiak<\/strong>.<\/p>\n<p>Nekazaritza, Arrantza eta Elikadura Ministerioak eta Nafarroako Gobernuak antolatutako ekitaldian sektoreko eragile ugari bildu ziren. Jardunaldian izan ziren, halaber, Nekazaritza, Arrantza eta Elikadura ministro den Luis Planas, Nafarroako Gobernuko presidente Mar\u00eda Chivite eta Nekazaritza eta Elikadurako Estatu idazkari Bego\u00f1a Garc\u00eda.<\/p>\n<p>Ministerioak eta autonomia-erkidegoek hurrengo egunean egindako Konferentzia Sektorial monografikoaren baitan <a href=\"https:\/\/www.mapa.gob.es\/es\/prensa\/240704conclusionesfororelevogeneracional_tcm30-687863.pdf\" target=\"_blank\" rel=\"noopener\">Foroaren ondorioak<\/a> eztabaidatu zituzten. Konferentzia horretan, Goi Mailako Foroan eta belaunaldi-erreleboari buruzko ezohiko Konferentzia Sektorialean sortutako eta eztabaidatutako proposamenetan oinarrituta neurri eta gomendio katalogo bat egiteko konpromisoa hartu zuten. \u00a0Proposamen horiek gai horren inguruan antolatuko den Konferentzia Sektorial batean aztertuko dira.<\/p>\n","protected":false},"excerpt":{"rendered":"<p>MENDINET Belaunaldi Erreleboari buruzko Goi Mailako Foroan izan da, uztailaren  [&#8230;]<\/p>\n","protected":false},"author":1,"featured_media":13821,"comment_status":"closed","ping_status":"closed","sticky":false,"template":"","format":"standard","meta":{"footnotes":""},"categories":[1],"tags":[],"class_list":["post-13824","post","type-post","status-publish","format-standard","has-post-thumbnail","hentry","category-mendinet-berriak"],"yoast_head":"<!-- This site is optimized with the Yoast SEO plugin v26.2 - https:\/\/yoast.com\/wordpress\/plugins\/seo\/ -->\n<title>Mendinetek Belaunaldi Erreleboari buruzko Goi Mailako Foroan<\/title>\n<meta name=\"description\" content=\"MENDINET Belaunaldi Erreleboari buruzko Goi Mailako Foroan izan da, uztailaren 3an, Nafarroako Kongresu Jauregian - Baluarten.\" \/>\n<meta name=\"robots\" content=\"index, follow, max-snippet:-1, max-image-preview:large, max-video-preview:-1\" \/>\n<link rel=\"canonical\" href=\"https:\/\/mendinet.eus\/eu\/mendinetek-belaunaldi-erreleboari-buruzko-goi-mailako-foroan\/\" \/>\n<meta property=\"og:locale\" content=\"eu_ES\" \/>\n<meta property=\"og:type\" content=\"article\" \/>\n<meta property=\"og:title\" content=\"Mendinetek Belaunaldi Erreleboari buruzko Goi Mailako Foroan\" \/>\n<meta property=\"og:description\" content=\"MENDINET Belaunaldi Erreleboari buruzko Goi Mailako Foroan izan da, uztailaren 3an, Nafarroako Kongresu Jauregian - Baluarten.\" \/>\n<meta property=\"og:url\" content=\"https:\/\/mendinet.eus\/eu\/mendinetek-belaunaldi-erreleboari-buruzko-goi-mailako-foroan\/\" \/>\n<meta property=\"og:site_name\" content=\"MENDINET\" \/>\n<meta property=\"article:published_time\" content=\"2024-07-08T12:47:05+00:00\" \/>\n<meta property=\"article:modified_time\" content=\"2025-06-22T09:03:28+00:00\" \/>\n<meta property=\"og:image\" content=\"https:\/\/mendinet.eus\/wp-content\/uploads\/2024\/07\/foro-alto-nivel-relevo-generacional.webp\" \/>\n\t<meta property=\"og:image:width\" content=\"1200\" \/>\n\t<meta property=\"og:image:height\" content=\"900\" \/>\n\t<meta property=\"og:image:type\" content=\"image\/webp\" \/>\n<meta name=\"author\" content=\"BerriaM\" \/>\n<meta name=\"twitter:card\" content=\"summary_large_image\" \/>\n<meta name=\"twitter:label1\" content=\"Written by\" \/>\n\t<meta name=\"twitter:data1\" content=\"BerriaM\" \/>\n\t<meta name=\"twitter:label2\" content=\"Est. reading time\" \/>\n\t<meta name=\"twitter:data2\" content=\"1 minute\" \/>\n<script type=\"application\/ld+json\" class=\"yoast-schema-graph\">{\"@context\":\"https:\/\/schema.org\",\"@graph\":[{\"@type\":\"Article\",\"@id\":\"https:\/\/mendinet.eus\/eu\/mendinetek-belaunaldi-erreleboari-buruzko-goi-mailako-foroan\/#article\",\"isPartOf\":{\"@id\":\"https:\/\/mendinet.eus\/eu\/mendinetek-belaunaldi-erreleboari-buruzko-goi-mailako-foroan\/\"},\"author\":{\"name\":\"BerriaM\",\"@id\":\"https:\/\/mendinet.eus\/eu\/#\/schema\/person\/f030f06307ebefad196e7a052cfc796d\"},\"headline\":\"Mendinet Belaunaldi Erreleboari buruzko Goi Mailako Foroan\",\"datePublished\":\"2024-07-08T12:47:05+00:00\",\"dateModified\":\"2025-06-22T09:03:28+00:00\",\"mainEntityOfPage\":{\"@id\":\"https:\/\/mendinet.eus\/eu\/mendinetek-belaunaldi-erreleboari-buruzko-goi-mailako-foroan\/\"},\"wordCount\":171,\"publisher\":{\"@id\":\"https:\/\/mendinet.eus\/eu\/#organization\"},\"image\":{\"@id\":\"https:\/\/mendinet.eus\/eu\/mendinetek-belaunaldi-erreleboari-buruzko-goi-mailako-foroan\/#primaryimage\"},\"thumbnailUrl\":\"https:\/\/mendinet.eus\/wp-content\/uploads\/2024\/07\/foro-alto-nivel-relevo-generacional.webp\",\"articleSection\":[\"Mendinet berriak\"],\"inLanguage\":\"eu-ES\"},{\"@type\":\"WebPage\",\"@id\":\"https:\/\/mendinet.eus\/eu\/mendinetek-belaunaldi-erreleboari-buruzko-goi-mailako-foroan\/\",\"url\":\"https:\/\/mendinet.eus\/eu\/mendinetek-belaunaldi-erreleboari-buruzko-goi-mailako-foroan\/\",\"name\":\"Mendinetek Belaunaldi Erreleboari buruzko Goi Mailako Foroan\",\"isPartOf\":{\"@id\":\"https:\/\/mendinet.eus\/eu\/#website\"},\"primaryImageOfPage\":{\"@id\":\"https:\/\/mendinet.eus\/eu\/mendinetek-belaunaldi-erreleboari-buruzko-goi-mailako-foroan\/#primaryimage\"},\"image\":{\"@id\":\"https:\/\/mendinet.eus\/eu\/mendinetek-belaunaldi-erreleboari-buruzko-goi-mailako-foroan\/#primaryimage\"},\"thumbnailUrl\":\"https:\/\/mendinet.eus\/wp-content\/uploads\/2024\/07\/foro-alto-nivel-relevo-generacional.webp\",\"datePublished\":\"2024-07-08T12:47:05+00:00\",\"dateModified\":\"2025-06-22T09:03:28+00:00\",\"description\":\"MENDINET Belaunaldi Erreleboari buruzko Goi Mailako Foroan izan da, uztailaren 3an, Nafarroako Kongresu Jauregian - Baluarten.\",\"breadcrumb\":{\"@id\":\"https:\/\/mendinet.eus\/eu\/mendinetek-belaunaldi-erreleboari-buruzko-goi-mailako-foroan\/#breadcrumb\"},\"inLanguage\":\"eu-ES\",\"potentialAction\":[{\"@type\":\"ReadAction\",\"target\":[\"https:\/\/mendinet.eus\/eu\/mendinetek-belaunaldi-erreleboari-buruzko-goi-mailako-foroan\/\"]}]},{\"@type\":\"ImageObject\",\"inLanguage\":\"eu-ES\",\"@id\":\"https:\/\/mendinet.eus\/eu\/mendinetek-belaunaldi-erreleboari-buruzko-goi-mailako-foroan\/#primaryimage\",\"url\":\"https:\/\/mendinet.eus\/wp-content\/uploads\/2024\/07\/foro-alto-nivel-relevo-generacional.webp\",\"contentUrl\":\"https:\/\/mendinet.eus\/wp-content\/uploads\/2024\/07\/foro-alto-nivel-relevo-generacional.webp\",\"width\":1200,\"height\":900},{\"@type\":\"BreadcrumbList\",\"@id\":\"https:\/\/mendinet.eus\/eu\/mendinetek-belaunaldi-erreleboari-buruzko-goi-mailako-foroan\/#breadcrumb\",\"itemListElement\":[{\"@type\":\"ListItem\",\"position\":1,\"name\":\"Portada\",\"item\":\"https:\/\/mendinet.eus\/eu\/\"},{\"@type\":\"ListItem\",\"position\":2,\"name\":\"Mendinet Belaunaldi Erreleboari buruzko Goi Mailako Foroan\"}]},{\"@type\":\"WebSite\",\"@id\":\"https:\/\/mendinet.eus\/eu\/#website\",\"url\":\"https:\/\/mendinet.eus\/eu\/\",\"name\":\"MENDINET\",\"description\":\"Asociaci\u00f3n para el Progreso del Desarrollo Rural en Euskadi\",\"publisher\":{\"@id\":\"https:\/\/mendinet.eus\/eu\/#organization\"},\"alternateName\":\"Asociaci\u00f3n para el Progreso del Desarrollo Rural\",\"potentialAction\":[{\"@type\":\"SearchAction\",\"target\":{\"@type\":\"EntryPoint\",\"urlTemplate\":\"https:\/\/mendinet.eus\/eu\/?s={search_term_string}\"},\"query-input\":{\"@type\":\"PropertyValueSpecification\",\"valueRequired\":true,\"valueName\":\"search_term_string\"}}],\"inLanguage\":\"eu-ES\"},{\"@type\":\"Organization\",\"@id\":\"https:\/\/mendinet.eus\/eu\/#organization\",\"name\":\"MENDINET\",\"alternateName\":\"Asociaci\u00f3n para el Progreso del Desarrollo Rural\",\"url\":\"https:\/\/mendinet.eus\/eu\/\",\"logo\":{\"@type\":\"ImageObject\",\"inLanguage\":\"eu-ES\",\"@id\":\"https:\/\/mendinet.eus\/eu\/#\/schema\/logo\/image\/\",\"url\":\"https:\/\/mendinet.es\/wp-content\/uploads\/2025\/08\/Mend_2.jpg\",\"contentUrl\":\"https:\/\/mendinet.es\/wp-content\/uploads\/2025\/08\/Mend_2.jpg\",\"width\":696,\"height\":696,\"caption\":\"MENDINET\"},\"image\":{\"@id\":\"https:\/\/mendinet.eus\/eu\/#\/schema\/logo\/image\/\"}},{\"@type\":\"Person\",\"@id\":\"https:\/\/mendinet.eus\/eu\/#\/schema\/person\/f030f06307ebefad196e7a052cfc796d\",\"name\":\"BerriaM\",\"sameAs\":[\"http:\/\/mendinet.es\"],\"url\":\"https:\/\/mendinet.eus\/eu\/author\/berriam\/\"}]}<\/script>\n<!-- \/ Yoast SEO plugin. -->","yoast_head_json":{"title":"Mendinetek Belaunaldi Erreleboari buruzko Goi Mailako Foroan","description":"MENDINET Belaunaldi Erreleboari buruzko Goi Mailako Foroan izan da, uztailaren 3an, Nafarroako Kongresu Jauregian - Baluarten.","robots":{"index":"index","follow":"follow","max-snippet":"max-snippet:-1","max-image-preview":"max-image-preview:large","max-video-preview":"max-video-preview:-1"},"canonical":"https:\/\/mendinet.eus\/eu\/mendinetek-belaunaldi-erreleboari-buruzko-goi-mailako-foroan\/","og_locale":"eu_ES","og_type":"article","og_title":"Mendinetek Belaunaldi Erreleboari buruzko Goi Mailako Foroan","og_description":"MENDINET Belaunaldi Erreleboari buruzko Goi Mailako Foroan izan da, uztailaren 3an, Nafarroako Kongresu Jauregian - Baluarten.","og_url":"https:\/\/mendinet.eus\/eu\/mendinetek-belaunaldi-erreleboari-buruzko-goi-mailako-foroan\/","og_site_name":"MENDINET","article_published_time":"2024-07-08T12:47:05+00:00","article_modified_time":"2025-06-22T09:03:28+00:00","og_image":[{"width":1200,"height":900,"url":"https:\/\/mendinet.eus\/wp-content\/uploads\/2024\/07\/foro-alto-nivel-relevo-generacional.webp","type":"image\/webp"}],"author":"BerriaM","twitter_card":"summary_large_image","twitter_misc":{"Written by":"BerriaM","Est. reading time":"1 minute"},"schema":{"@context":"https:\/\/schema.org","@graph":[{"@type":"Article","@id":"https:\/\/mendinet.eus\/eu\/mendinetek-belaunaldi-erreleboari-buruzko-goi-mailako-foroan\/#article","isPartOf":{"@id":"https:\/\/mendinet.eus\/eu\/mendinetek-belaunaldi-erreleboari-buruzko-goi-mailako-foroan\/"},"author":{"name":"BerriaM","@id":"https:\/\/mendinet.eus\/eu\/#\/schema\/person\/f030f06307ebefad196e7a052cfc796d"},"headline":"Mendinet Belaunaldi Erreleboari buruzko Goi Mailako Foroan","datePublished":"2024-07-08T12:47:05+00:00","dateModified":"2025-06-22T09:03:28+00:00","mainEntityOfPage":{"@id":"https:\/\/mendinet.eus\/eu\/mendinetek-belaunaldi-erreleboari-buruzko-goi-mailako-foroan\/"},"wordCount":171,"publisher":{"@id":"https:\/\/mendinet.eus\/eu\/#organization"},"image":{"@id":"https:\/\/mendinet.eus\/eu\/mendinetek-belaunaldi-erreleboari-buruzko-goi-mailako-foroan\/#primaryimage"},"thumbnailUrl":"https:\/\/mendinet.eus\/wp-content\/uploads\/2024\/07\/foro-alto-nivel-relevo-generacional.webp","articleSection":["Mendinet berriak"],"inLanguage":"eu-ES"},{"@type":"WebPage","@id":"https:\/\/mendinet.eus\/eu\/mendinetek-belaunaldi-erreleboari-buruzko-goi-mailako-foroan\/","url":"https:\/\/mendinet.eus\/eu\/mendinetek-belaunaldi-erreleboari-buruzko-goi-mailako-foroan\/","name":"Mendinetek Belaunaldi Erreleboari buruzko Goi Mailako Foroan","isPartOf":{"@id":"https:\/\/mendinet.eus\/eu\/#website"},"primaryImageOfPage":{"@id":"https:\/\/mendinet.eus\/eu\/mendinetek-belaunaldi-erreleboari-buruzko-goi-mailako-foroan\/#primaryimage"},"image":{"@id":"https:\/\/mendinet.eus\/eu\/mendinetek-belaunaldi-erreleboari-buruzko-goi-mailako-foroan\/#primaryimage"},"thumbnailUrl":"https:\/\/mendinet.eus\/wp-content\/uploads\/2024\/07\/foro-alto-nivel-relevo-generacional.webp","datePublished":"2024-07-08T12:47:05+00:00","dateModified":"2025-06-22T09:03:28+00:00","description":"MENDINET Belaunaldi Erreleboari buruzko Goi Mailako Foroan izan da, uztailaren 3an, Nafarroako Kongresu Jauregian - Baluarten.","breadcrumb":{"@id":"https:\/\/mendinet.eus\/eu\/mendinetek-belaunaldi-erreleboari-buruzko-goi-mailako-foroan\/#breadcrumb"},"inLanguage":"eu-ES","potentialAction":[{"@type":"ReadAction","target":["https:\/\/mendinet.eus\/eu\/mendinetek-belaunaldi-erreleboari-buruzko-goi-mailako-foroan\/"]}]},{"@type":"ImageObject","inLanguage":"eu-ES","@id":"https:\/\/mendinet.eus\/eu\/mendinetek-belaunaldi-erreleboari-buruzko-goi-mailako-foroan\/#primaryimage","url":"https:\/\/mendinet.eus\/wp-content\/uploads\/2024\/07\/foro-alto-nivel-relevo-generacional.webp","contentUrl":"https:\/\/mendinet.eus\/wp-content\/uploads\/2024\/07\/foro-alto-nivel-relevo-generacional.webp","width":1200,"height":900},{"@type":"BreadcrumbList","@id":"https:\/\/mendinet.eus\/eu\/mendinetek-belaunaldi-erreleboari-buruzko-goi-mailako-foroan\/#breadcrumb","itemListElement":[{"@type":"ListItem","position":1,"name":"Portada","item":"https:\/\/mendinet.eus\/eu\/"},{"@type":"ListItem","position":2,"name":"Mendinet Belaunaldi Erreleboari buruzko Goi Mailako Foroan"}]},{"@type":"WebSite","@id":"https:\/\/mendinet.eus\/eu\/#website","url":"https:\/\/mendinet.eus\/eu\/","name":"MENDINET","description":"Asociaci\u00f3n para el Progreso del Desarrollo Rural en Euskadi","publisher":{"@id":"https:\/\/mendinet.eus\/eu\/#organization"},"alternateName":"Asociaci\u00f3n para el Progreso del Desarrollo Rural","potentialAction":[{"@type":"SearchAction","target":{"@type":"EntryPoint","urlTemplate":"https:\/\/mendinet.eus\/eu\/?s={search_term_string}"},"query-input":{"@type":"PropertyValueSpecification","valueRequired":true,"valueName":"search_term_string"}}],"inLanguage":"eu-ES"},{"@type":"Organization","@id":"https:\/\/mendinet.eus\/eu\/#organization","name":"MENDINET","alternateName":"Asociaci\u00f3n para el Progreso del Desarrollo Rural","url":"https:\/\/mendinet.eus\/eu\/","logo":{"@type":"ImageObject","inLanguage":"eu-ES","@id":"https:\/\/mendinet.eus\/eu\/#\/schema\/logo\/image\/","url":"https:\/\/mendinet.es\/wp-content\/uploads\/2025\/08\/Mend_2.jpg","contentUrl":"https:\/\/mendinet.es\/wp-content\/uploads\/2025\/08\/Mend_2.jpg","width":696,"height":696,"caption":"MENDINET"},"image":{"@id":"https:\/\/mendinet.eus\/eu\/#\/schema\/logo\/image\/"}},{"@type":"Person","@id":"https:\/\/mendinet.eus\/eu\/#\/schema\/person\/f030f06307ebefad196e7a052cfc796d","name":"BerriaM","sameAs":["http:\/\/mendinet.es"],"url":"https:\/\/mendinet.eus\/eu\/author\/berriam\/"}]}},"_links":{"self":[{"href":"https:\/\/mendinet.eus\/eu\/wp-json\/wp\/v2\/posts\/13824","targetHints":{"allow":["GET"]}}],"collection":[{"href":"https:\/\/mendinet.eus\/eu\/wp-json\/wp\/v2\/posts"}],"about":[{"href":"https:\/\/mendinet.eus\/eu\/wp-json\/wp\/v2\/types\/post"}],"author":[{"embeddable":true,"href":"https:\/\/mendinet.eus\/eu\/wp-json\/wp\/v2\/users\/1"}],"replies":[{"embeddable":true,"href":"https:\/\/mendinet.eus\/eu\/wp-json\/wp\/v2\/comments?post=13824"}],"version-history":[{"count":0,"href":"https:\/\/mendinet.eus\/eu\/wp-json\/wp\/v2\/posts\/13824\/revisions"}],"wp:featuredmedia":[{"embeddable":true,"href":"https:\/\/mendinet.eus\/eu\/wp-json\/wp\/v2\/media\/13821"}],"wp:attachment":[{"href":"https:\/\/mendinet.eus\/eu\/wp-json\/wp\/v2\/media?parent=13824"}],"wp:term":[{"taxonomy":"category","embeddable":true,"href":"https:\/\/mendinet.eus\/eu\/wp-json\/wp\/v2\/categories?post=13824"},{"taxonomy":"post_tag","embeddable":true,"href":"https:\/\/mendinet.eus\/eu\/wp-json\/wp\/v2\/tags?post=13824"}],"curies":[{"name":"wp","href":"https:\/\/api.w.org\/{rel}","templated":true}]}}